{"id":1194,"date":"2021-03-11T19:51:59","date_gmt":"2021-03-11T19:51:59","guid":{"rendered":"http:\/\/sindicatodebomberos.com\/?p=1194"},"modified":"2021-03-11T19:52:01","modified_gmt":"2021-03-11T19:52:01","slug":"tribunal-ordena-que-bomberos-sean-incluidos-en-la-ley-de-retiro-temprano","status":"publish","type":"post","link":"https:\/\/sindicatodebomberos.com\/index.php\/2021\/03\/11\/tribunal-ordena-que-bomberos-sean-incluidos-en-la-ley-de-retiro-temprano\/","title":{"rendered":"Tribunal ordena que bomberos sean incluidos en la Ley de Retiro Temprano."},"content":{"rendered":"<section  class='av_textblock_section av-km5acy9c-9e383a92d448fc9e52ff06fc8b0be74d '   itemscope=\"itemscope\" itemtype=\"https:\/\/schema.org\/BlogPosting\" itemprop=\"blogPost\" ><div class='avia_textblock'  itemprop=\"text\" ><p class=\"selectionShareable\">El Sindicato de Bomberos Unidos de Puerto Rico (SBUPR), inform\u00f3 el jueves que el Tribunal de San Juan les fall\u00f3 a favor en el caso que se llev\u00f3 contra la Administraci\u00f3n de los Sistemas de Retiro y la Oficina de Gerencia y Presupuesto (OGP) por la exclusi\u00f3n de los bomberos de la Ley de Retiro Temprano (Ley 80 de 2020).<\/p>\n<p class=\"selectionShareable\">Jos\u00e9 Tirado, presidente del sindicato, dijo en comunicaci\u00f3n escrita que la decisi\u00f3n del Tribunal fue contundente al destacar en el fallo que tanto \u201cla Administraci\u00f3n de los Sistemas de Retiro y la Oficina de Gerencia y Presupuesto violaron la Constituci\u00f3n del Estado Libre Asociado de Puerto Rico al excluir unilateralmente a los bomberos de los derechos de la Ley 80\u201d.<\/p>\n<p>El Ejecutivo, a trav\u00e9s de OGP y Retiro, en sendas cartas administrativas, hab\u00eda excluido a los bomberos y a otro personal de alto riesgo del gobierno central de la cobertura de la Ley 80. El Sindicato de Bomberos, present\u00f3 un recurso de interdicto y de sentencia declaratoria ante el Tribunal de San Juan y este resolvi\u00f3 que el personal que fue excluido puede ejercer ese derecho.<\/p>\n<p class=\"selectionShareable\">La determinaci\u00f3n dar\u00eda la opci\u00f3n a cerca de 400 miembros del Cuerpo de Bomberos de acogerse al derecho que se le otorg\u00f3 a estos empleados p\u00fablicos que est\u00e1n acogidos bajo la Administraci\u00f3n de los Sistemas de Retiro.<\/p>\n<p class=\"selectionShareable\">\u201cEsos candidatos de bomberos con m\u00e1s de 20 a\u00f1os de servicio, podr\u00edan acogerse al retiro con m\u00e1s de un 50 por ciento de su salario y una aportaci\u00f3n al plan m\u00e9dico de 100 d\u00f3lares mensuales una vez la Junta de Control Fiscal y el Gobierno se pongan de acuerdo para la aplicaci\u00f3n de esta ley\u201d, explic\u00f3 el l\u00edder sindical.<\/p>\n<p class=\"selectionShareable\">Un sondeo realizado por el Sindicato de Bomberos revel\u00f3 preliminarmente que 210 miembros del Cuerpo de Bomberos estar\u00edan dispuestos a acogerse al retiro incentivado.<\/p>\n<p class=\"selectionShareable\">La Ley 80 concede el derecho a los empleados p\u00fablicos de reclamar voluntariamente una ventana de retiro temprano, con excepci\u00f3n de los miembros de la Polic\u00eda de Puerto Rico, los sistemas de retiro de maestros, energ\u00eda el\u00e9ctrica y la Rama Judicial.<\/p>\n<p class=\"selectionShareable\">\u201cGracias al recurso legal que llevamos en representaci\u00f3n del derecho de nuestros bomberos y la determinaci\u00f3n favorable del Tribunal, otros compa\u00f1eros como los del Departamento de Correcci\u00f3n y Rehabilitaci\u00f3n, Emergencias M\u00e9dicas y los vigilantes del Departamento de Recursos Naturales y Ambientales podr\u00e1n acogerse al beneficio del retiro incentivado, lo cual nos llena de profunda satisfacci\u00f3n\u201d, expres\u00f3 Tirado.<\/p>\n<\/div><\/section>\n\n<style type=\"text\/css\" data-created_by=\"avia_inline_auto\" id=\"style-css-av-km5admvd-b8eb398c85412e362679a620d47db983\">\n.avia-image-container.av-km5admvd-b8eb398c85412e362679a620d47db983 img.avia_image{\nbox-shadow:none;\n}\n.avia-image-container.av-km5admvd-b8eb398c85412e362679a620d47db983 .av-image-caption-overlay-center{\ncolor:#ffffff;\n}\n<\/style>\n<div  class='avia-image-container av-km5admvd-b8eb398c85412e362679a620d47db983 av-styling- avia-align-center  avia-builder-el-1  el_after_av_textblock  el_before_av_social_share '   itemprop=\"image\" itemscope=\"itemscope\" itemtype=\"https:\/\/schema.org\/ImageObject\" ><div class=\"avia-image-container-inner\"><div class=\"avia-image-overlay-wrap\"><img decoding=\"async\" fetchpriority=\"high\" class='wp-image-720 avia-img-lazy-loading-not-720 avia_image ' src=\"https:\/\/sindicatodebomberos.com\/wp-content\/uploads\/2020\/09\/logosbupr-300x300.png\" alt='' title='logosbupr'  height=\"300\" width=\"300\"  itemprop=\"thumbnailUrl\" srcset=\"https:\/\/sindicatodebomberos.com\/wp-content\/uploads\/2020\/09\/logosbupr-300x300.png 300w, https:\/\/sindicatodebomberos.com\/wp-content\/uploads\/2020\/09\/logosbupr-80x80.png 80w, https:\/\/sindicatodebomberos.com\/wp-content\/uploads\/2020\/09\/logosbupr-36x36.png 36w, https:\/\/sindicatodebomberos.com\/wp-content\/uploads\/2020\/09\/logosbupr-180x180.png 180w, https:\/\/sindicatodebomberos.com\/wp-content\/uploads\/2020\/09\/logosbupr.png 520w\" sizes=\"(max-width: 300px) 100vw, 300px\" \/><\/div><\/div><\/div>\n<div  class='av-social-sharing-box av-km5aelv6-6f694d3045484723000f9a73dd141e43 av-social-sharing-box-default  avia-builder-el-2  el_after_av_image  avia-builder-el-last  av-social-sharing-box-fullwidth'><div class=\"av-share-box\"><h5 class='av-share-link-description av-no-toc '>Compartir esta entrada<\/h5><ul class=\"av-share-box-list noLightbox\"><li class='av-share-link av-social-link-facebook avia_social_iconfont' ><a target=\"_blank\" aria-label=\"Compartir en Facebook\" href='https:\/\/www.facebook.com\/sharer.php?u=https:\/\/sindicatodebomberos.com\/index.php\/2021\/03\/11\/tribunal-ordena-que-bomberos-sean-incluidos-en-la-ley-de-retiro-temprano\/&#038;t=Tribunal%20ordena%20que%20bomberos%20sean%20incluidos%20en%20la%20Ley%20de%20Retiro%20Temprano.' data-av_icon='\ue8f3' data-av_iconfont='entypo-fontello'  title='' data-avia-related-tooltip='Compartir en Facebook'><span class='avia_hidden_link_text'>Compartir en Facebook<\/span><\/a><\/li><li class='av-share-link av-social-link-twitter avia_social_iconfont' ><a target=\"_blank\" aria-label=\"Compartir en X\" href='https:\/\/twitter.com\/share?text=Tribunal%20ordena%20que%20bomberos%20sean%20incluidos%20en%20la%20Ley%20de%20Retiro%20Temprano.&#038;url=https:\/\/sindicatodebomberos.com\/?p=1194' data-av_icon='\ue932' data-av_iconfont='entypo-fontello'  title='' data-avia-related-tooltip='Compartir en X'><span class='avia_hidden_link_text'>Compartir en X<\/span><\/a><\/li><li class='av-share-link av-social-link-whatsapp avia_social_iconfont' ><a target=\"_blank\" aria-label=\"Compartir en WhatsApp\" href='https:\/\/api.whatsapp.com\/send?text=https:\/\/sindicatodebomberos.com\/index.php\/2021\/03\/11\/tribunal-ordena-que-bomberos-sean-incluidos-en-la-ley-de-retiro-temprano\/' data-av_icon='\uf232' data-av_iconfont='entypo-fontello'  title='' data-avia-related-tooltip='Compartir en WhatsApp'><span class='avia_hidden_link_text'>Compartir en WhatsApp<\/span><\/a><\/li><li class='av-share-link av-social-link-pinterest avia_social_iconfont' ><a target=\"_blank\" aria-label=\"Compartir en Pinterest\" href='https:\/\/pinterest.com\/pin\/create\/button\/?url=https%3A%2F%2Fsindicatodebomberos.com%2Findex.php%2F2021%2F03%2F11%2Ftribunal-ordena-que-bomberos-sean-incluidos-en-la-ley-de-retiro-temprano%2F&#038;description=Tribunal%20ordena%20que%20bomberos%20sean%20incluidos%20en%20la%20Ley%20de%20Retiro%20Temprano.&#038;media=' data-av_icon='\ue8f8' data-av_iconfont='entypo-fontello'  title='' data-avia-related-tooltip='Compartir en Pinterest'><span class='avia_hidden_link_text'>Compartir en Pinterest<\/span><\/a><\/li><li class='av-share-link av-social-link-mail avia_social_iconfont' ><a  aria-label=\"Compartir por correo\" href='mailto:?subject=Tribunal%20ordena%20que%20bomberos%20sean%20incluidos%20en%20la%20Ley%20de%20Retiro%20Temprano.&#038;body=https:\/\/sindicatodebomberos.com\/index.php\/2021\/03\/11\/tribunal-ordena-que-bomberos-sean-incluidos-en-la-ley-de-retiro-temprano\/' data-av_icon='\ue805' data-av_iconfont='entypo-fontello'  title='' data-avia-related-tooltip='Compartir por correo'><span class='avia_hidden_link_text'>Compartir por correo<\/span><\/a><\/li><\/ul><\/div><\/div>\n","protected":false},"excerpt":{"rendered":"","protected":false},"author":1,"featured_media":0,"comment_status":"open","ping_status":"open","sticky":false,"template":"","format":"standard","meta":{"_exactmetrics_skip_tracking":false,"_exactmetrics_sitenote_active":false,"_exactmetrics_sitenote_note":"","_exactmetrics_sitenote_category":0,"footnotes":""},"categories":[1],"tags":[],"class_list":["post-1194","post","type-post","status-publish","format-standard","hentry","category-tu-sindicato-al-dia"],"_links":{"self":[{"href":"https:\/\/sindicatodebomberos.com\/index.php\/wp-json\/wp\/v2\/posts\/1194","targetHints":{"allow":["GET"]}}],"collection":[{"href":"https:\/\/sindicatodebomberos.com\/index.php\/wp-json\/wp\/v2\/posts"}],"about":[{"href":"https:\/\/sindicatodebomberos.com\/index.php\/wp-json\/wp\/v2\/types\/post"}],"author":[{"embeddable":true,"href":"https:\/\/sindicatodebomberos.com\/index.php\/wp-json\/wp\/v2\/users\/1"}],"replies":[{"embeddable":true,"href":"https:\/\/sindicatodebomberos.com\/index.php\/wp-json\/wp\/v2\/comments?post=1194"}],"version-history":[{"count":1,"href":"https:\/\/sindicatodebomberos.com\/index.php\/wp-json\/wp\/v2\/posts\/1194\/revisions"}],"predecessor-version":[{"id":1195,"href":"https:\/\/sindicatodebomberos.com\/index.php\/wp-json\/wp\/v2\/posts\/1194\/revisions\/1195"}],"wp:attachment":[{"href":"https:\/\/sindicatodebomberos.com\/index.php\/wp-json\/wp\/v2\/media?parent=1194"}],"wp:term":[{"taxonomy":"category","embeddable":true,"href":"https:\/\/sindicatodebomberos.com\/index.php\/wp-json\/wp\/v2\/categories?post=1194"},{"taxonomy":"post_tag","embeddable":true,"href":"https:\/\/sindicatodebomberos.com\/index.php\/wp-json\/wp\/v2\/tags?post=1194"}],"curies":[{"name":"wp","href":"https:\/\/api.w.org\/{rel}","templated":true}]}}