{"id":1141,"date":"2021-01-07T17:56:40","date_gmt":"2021-01-07T17:56:40","guid":{"rendered":"http:\/\/sindicatodebomberos.com\/?p=1141"},"modified":"2021-01-07T18:00:17","modified_gmt":"2021-01-07T18:00:17","slug":"bomberos-reclaman-gobierno-honre-aumento-salarial","status":"publish","type":"post","link":"https:\/\/sindicatodebomberos.com\/index.php\/2021\/01\/07\/bomberos-reclaman-gobierno-honre-aumento-salarial\/","title":{"rendered":"Bomberos reclaman gobierno honre aumento salarial."},"content":{"rendered":"<section  class='av_textblock_section av-kjn5cz2p-1fd6b5a596a91bc43eaa125f03b8bf23 '   itemscope=\"itemscope\" itemtype=\"https:\/\/schema.org\/BlogPosting\" itemprop=\"blogPost\" ><div class='avia_textblock'  itemprop=\"text\" ><header class=\"article-header\">\n<h1 class=\"title entry-title\">Bomberos reclaman gobierno honre aumento salarial<\/h1>\n<p>El Negociado del Cuerpo de Bomberos de Puerto Rico cuenta con 1,700 empleados civiles y oficiales.<\/p>\n<\/header>\n<div class=\"featured-image article-image\">\n<div class=\"post-gallery slick-initialized slick-slider\">\n<div class=\"slick-list draggable\" aria-live=\"polite\">\n<div class=\"slick-track\" role=\"listbox\">\n<div class=\"post-image slick-slide slick-current slick-active\" tabindex=\"-1\" role=\"option\" data-slick-index=\"0\" aria-hidden=\"false\" aria-describedby=\"slick-slide00\">\n<header class=\"image\" role=\"banner\"><img decoding=\"async\" src=\"https:\/\/static.periodicolaperla.com\/wp-content\/uploads\/2021\/01\/CONF-DE-PRENSA-3-847x635.jpg\" \/><\/header>\n<p><span class=\"caption\">Foto Cybernews<\/span><\/div>\n<\/div>\n<\/div>\n<\/div>\n<\/div>\n<div class=\"article-info\">\n<div class=\"author\"><span class=\"image\"><img decoding=\"async\" src=\"https:\/\/secure.gravatar.com\/avatar\/34c7bcd1e8940167401b77f6c10b9ed3?s=96&amp;d=mm&amp;r=g\" alt=\"CyberNews\" width=\"30px\" \/><\/span>\u00a0<span class=\"name\">CyberNews<\/span><\/div>\n<div class=\"social\"><\/div>\n<p><time class=\"date published updated\">jueves 7 de enero del 2021 \u2022 1:14pm<\/time><\/div>\n<div class=\"article-content\">\n<div class=\"addtoany_share_save_container addtoany_content addtoany_content_top\">\n<div class=\"a2a_kit a2a_kit_size_32 addtoany_list\" data-a2a-url=\"https:\/\/www.periodicolaperla.com\/bomberos-reclaman-gobierno-honre-aumento-salarial\/\" data-a2a-title=\"Bomberos reclaman gobierno honre aumento salarial\"><a class=\"a2a_button_facebook\" title=\"Facebook\" href=\"https:\/\/www.periodicolaperla.com\/#facebook\" target=\"_blank\" rel=\"nofollow noopener\"><span class=\"a2a_label\">Facebook<\/span><\/a><a class=\"a2a_button_twitter\" title=\"Twitter\" href=\"https:\/\/www.periodicolaperla.com\/#twitter\" target=\"_blank\" rel=\"nofollow noopener\"><span class=\"a2a_label\">Twitter<\/span><\/a><a class=\"a2a_button_email\" title=\"Email\" href=\"https:\/\/www.periodicolaperla.com\/#email\" target=\"_blank\" rel=\"nofollow noopener\"><span class=\"a2a_label\">Email<\/span><\/a><a class=\"a2a_button_print\" title=\"Print\" href=\"https:\/\/www.periodicolaperla.com\/#print\" target=\"\" rel=\"nofollow noopener\"><span class=\"a2a_label\">Print<\/span><\/a><\/div>\n<\/div>\n<p><strong>SAN JUAN<\/strong>\u00a0\u2013 El presidente del Sindicato de Bomberos Unidos de Puerto Rico (SBUPR), Jos\u00e9 Tirado, en compa\u00f1\u00eda de decenas de delegados del sindicato, en representaci\u00f3n de todos los bomberos de la isla, urgi\u00f3 el jueves, al gobernador Pedro Pierluisi, a identificar los fondos para que no se deje sin efecto el ya concedido aumento salarial previsto por la Ley 181-2019.<span id=\"more-101511\"><\/span><\/p>\n<p>\u201cLa Junta de Control Fiscal ha sido clara con el sindicato en que el Gobierno de Puerto Rico debe asegurar que el dinero para el aumento salarial a los bomberos llegue al Fondo General. Hemos tenido comunicaci\u00f3n abierta con la Junta y nos ha expresado que aprecia la labor del cuerpo y lo califica de invaluable\u201d, expres\u00f3 Tirado en comunicaci\u00f3n escrita.<\/p>\n<div id=\"perio-11865051\" class=\"perio-post-content-1 ad-content\">\n<div class=\"ad\" data-lazyad=\"\" data-matchmedia=\"only screen and (min-width: 1px)\" data-lazyad-loaded=\"true\"><\/div>\n<\/div>\n<p>El l\u00edder sindical explic\u00f3 que aunque el Plan Fiscal 2020 contempl\u00f3 el aumento a los bomberos, fue condicionado a un cargo de 3 por ciento que se aplic\u00f3 a las aseguradoras contra incendios, por lo cual\u00a0el Gobierno debi\u00f3 haber puesto en marcha el mismo desde marzo de 2019 de manera que esos recaudos llegaran al fondo general y as\u00ed asegurar el aumento permanente a los bomberos.<\/p>\n<p>La Junta solicit\u00f3 a la AAFAF informaci\u00f3n para poder determinar el estado de la recaudaci\u00f3n del cargo y el total probable para el a\u00f1o fiscal.<\/p>\n<p>Una vez el Gobierno proporcione las fuentes que compensen el aumento, se asegurar\u00e1 que el mismo quede en vigor permanentemente.<\/p>\n<p>\u201cPor ello es de vital importancia, que el Gobernador Pierluisi concrete su compromiso con los efectivos de la primera l\u00ednea de protecci\u00f3n y defensa, seg\u00fan hizo con los compa\u00f1eros de la Polic\u00eda de Puerto Rico al identificar 72 millones de d\u00f3lares anuales para darle el aumento salarial de 600 d\u00f3lares mensuales\u201d, explic\u00f3 el l\u00edder sindical.<\/p>\n<p>La Ley de Ajuste Salarial para Bomberos es por 125 d\u00f3lares mensuales y entr\u00f3 en vigor el primero de julio de 2020.<\/p>\n<p>El impacto presupuestario de este aumento es de 3.2 millones de d\u00f3lares anuales. El Negociado del Cuerpo de Bomberos de Puerto Rico cuenta con 1,700 empleados civiles y oficiales.<\/p>\n<p>\u201cEstamos en medio de una crisis de salud mundial y el Cuerpo de Bomberos de Puerto Rico forma parte del capital humano que asiste en las emergencias. Nuestro llamado al Gobernador es que atienda con car\u00e1cter de urgencia este asunto de justicia salarial. En los pasados d\u00edas, solicitamos reuni\u00f3n con el Primer Ejecutivo para profundizar sobre este tema\u201d, precis\u00f3 Tirado.<\/p>\n<p>De igual modo, el Sindicato de Bomberos Unidos de Puerto Rico solicit\u00f3 una reuni\u00f3n al nuevo secretario del Departamento de Seguridad P\u00fablica (DSP), Alexis Torres, para discutir situaciones laborales que en el pasado han sido presentadas al DSP y no han sido atendidas.<\/p>\n<p>El l\u00edder sindical se mostr\u00f3 confiado en la apertura al di\u00e1logo y al consenso que reiteradamente ha manifestado el Gobernador y que pueda mantener el cumplimiento de esta ley.<\/p>\n<div class=\"addtoany_share_save_container addtoany_content addtoany_content_bottom\">\n<div class=\"a2a_kit a2a_kit_size_32 addtoany_list\" data-a2a-url=\"https:\/\/www.periodicolaperla.com\/bomberos-reclaman-gobierno-honre-aumento-salarial\/\" data-a2a-title=\"Bomberos reclaman gobierno honre aumento salarial\"><a class=\"a2a_button_facebook\" title=\"Facebook\" href=\"https:\/\/www.periodicolaperla.com\/#facebook\" target=\"_blank\" rel=\"nofollow noopener\"><span class=\"a2a_label\">Facebook<\/span><\/a><a class=\"a2a_button_twitter\" title=\"Twitter\" href=\"https:\/\/www.periodicolaperla.com\/#twitter\" target=\"_blank\" rel=\"nofollow noopener\"><span class=\"a2a_label\">Twitter<\/span><\/a><a class=\"a2a_button_email\" title=\"Email\" href=\"https:\/\/www.periodicolaperla.com\/#email\" target=\"_blank\" rel=\"nofollow noopener\"><span class=\"a2a_label\">Email<\/span><\/a><a class=\"a2a_button_print\" title=\"Print\" href=\"https:\/\/www.periodicolaperla.com\/#print\" target=\"\" rel=\"nofollow noopener\"><span class=\"a2a_label\">Print<\/span><\/a><\/div>\n<\/div>\n<\/div>\n<footer>\n<div class=\"tags\">ETIQUETAS:\u00a0<a href=\"https:\/\/www.periodicolaperla.com\/tag\/bomberos\/\" rel=\"tag\">Bomberos<\/a>\u00a0<a href=\"https:\/\/www.periodicolaperla.com\/tag\/bomberos-de-puerto-rico\/\" rel=\"tag\">Bomberos de Puerto Rico<\/a>\u00a0<a href=\"https:\/\/www.periodicolaperla.com\/tag\/sbupr\/\" rel=\"tag\">SBUPR<\/a>\u00a0<a href=\"https:\/\/www.periodicolaperla.com\/tag\/sindicato-de-bomberos-unidos-de-puerto-rico\/\" rel=\"tag\">Sindicato de Bomberos Unidos de Puerto Rico<\/a><\/div>\n<\/footer>\n<\/div><\/section>\n<div  class='hr av-av_hr-23b3846cdd0fbd0e234720a594f6db24 hr-default  avia-builder-el-1  el_after_av_textblock  el_before_av_image '><span class='hr-inner '><span class=\"hr-inner-style\"><\/span><\/span><\/div>\n\n<style type=\"text\/css\" data-created_by=\"avia_inline_auto\" id=\"style-css-av-kjn5jgs5-865ca83f00f05c62c57f25ca3bceb269\">\n.avia-image-container.av-kjn5jgs5-865ca83f00f05c62c57f25ca3bceb269 img.avia_image{\nbox-shadow:none;\n}\n.avia-image-container.av-kjn5jgs5-865ca83f00f05c62c57f25ca3bceb269 .av-image-caption-overlay-center{\ncolor:#ffffff;\n}\n<\/style>\n<div  class='avia-image-container av-kjn5jgs5-865ca83f00f05c62c57f25ca3bceb269 av-styling- avia_animated_image av-animated-when-visible-95 fade-in avia-align-center  avia-builder-el-2  el_after_av_hr  el_before_av_hr '   itemprop=\"image\" itemscope=\"itemscope\" itemtype=\"https:\/\/schema.org\/ImageObject\" ><div class=\"avia-image-container-inner\"><div class=\"avia-image-overlay-wrap\"><img decoding=\"async\" fetchpriority=\"high\" class='wp-image-1144 avia-img-lazy-loading-not-1144 avia_image ' src=\"https:\/\/sindicatodebomberos.com\/wp-content\/uploads\/2021\/01\/136717993_2828862910665942_1973377619657492400_n-300x225.jpg\" alt='' title='136717993_2828862910665942_1973377619657492400_n'  height=\"225\" width=\"300\"  itemprop=\"thumbnailUrl\" srcset=\"https:\/\/sindicatodebomberos.com\/wp-content\/uploads\/2021\/01\/136717993_2828862910665942_1973377619657492400_n-300x225.jpg 300w, https:\/\/sindicatodebomberos.com\/wp-content\/uploads\/2021\/01\/136717993_2828862910665942_1973377619657492400_n.jpg 600w\" sizes=\"(max-width: 300px) 100vw, 300px\" \/><\/div><\/div><\/div>\n<div  class='hr av-av_hr-23b3846cdd0fbd0e234720a594f6db24 hr-default  avia-builder-el-3  el_after_av_image  el_before_av_codeblock '><span class='hr-inner '><span class=\"hr-inner-style\"><\/span><\/span><\/div>\n\n<div  class='av-social-sharing-box av-av_social_share-a37d0f8e65ab7aa5a6dc2ac196d8cde8 av-social-sharing-box-default  avia-builder-el-5  el_after_av_codeblock  avia-builder-el-last  av-social-sharing-box-fullwidth'><div class=\"av-share-box\"><h5 class='av-share-link-description av-no-toc '>Compartir esta entrada<\/h5><ul class=\"av-share-box-list noLightbox\"><li class='av-share-link av-social-link-facebook avia_social_iconfont' ><a target=\"_blank\" aria-label=\"Compartir en Facebook\" href='https:\/\/www.facebook.com\/sharer.php?u=https:\/\/sindicatodebomberos.com\/index.php\/2021\/01\/07\/bomberos-reclaman-gobierno-honre-aumento-salarial\/&#038;t=Bomberos%20reclaman%20gobierno%20honre%20aumento%20salarial.' data-av_icon='\ue8f3' data-av_iconfont='entypo-fontello'  title='' data-avia-related-tooltip='Compartir en Facebook'><span class='avia_hidden_link_text'>Compartir en Facebook<\/span><\/a><\/li><li class='av-share-link av-social-link-twitter avia_social_iconfont' ><a target=\"_blank\" aria-label=\"Compartir en X\" href='https:\/\/twitter.com\/share?text=Bomberos%20reclaman%20gobierno%20honre%20aumento%20salarial.&#038;url=https:\/\/sindicatodebomberos.com\/?p=1141' data-av_icon='\ue932' data-av_iconfont='entypo-fontello'  title='' data-avia-related-tooltip='Compartir en X'><span class='avia_hidden_link_text'>Compartir en X<\/span><\/a><\/li><li class='av-share-link av-social-link-whatsapp avia_social_iconfont' ><a target=\"_blank\" aria-label=\"Compartir en WhatsApp\" href='https:\/\/api.whatsapp.com\/send?text=https:\/\/sindicatodebomberos.com\/index.php\/2021\/01\/07\/bomberos-reclaman-gobierno-honre-aumento-salarial\/' data-av_icon='\uf232' data-av_iconfont='entypo-fontello'  title='' data-avia-related-tooltip='Compartir en WhatsApp'><span class='avia_hidden_link_text'>Compartir en WhatsApp<\/span><\/a><\/li><li class='av-share-link av-social-link-pinterest avia_social_iconfont' ><a target=\"_blank\" aria-label=\"Compartir en Pinterest\" href='https:\/\/pinterest.com\/pin\/create\/button\/?url=https%3A%2F%2Fsindicatodebomberos.com%2Findex.php%2F2021%2F01%2F07%2Fbomberos-reclaman-gobierno-honre-aumento-salarial%2F&#038;description=Bomberos%20reclaman%20gobierno%20honre%20aumento%20salarial.&#038;media=' data-av_icon='\ue8f8' data-av_iconfont='entypo-fontello'  title='' data-avia-related-tooltip='Compartir en Pinterest'><span class='avia_hidden_link_text'>Compartir en Pinterest<\/span><\/a><\/li><li class='av-share-link av-social-link-mail avia_social_iconfont' ><a  aria-label=\"Compartir por correo\" href='mailto:?subject=Bomberos%20reclaman%20gobierno%20honre%20aumento%20salarial.&#038;body=https:\/\/sindicatodebomberos.com\/index.php\/2021\/01\/07\/bomberos-reclaman-gobierno-honre-aumento-salarial\/' data-av_icon='\ue805' data-av_iconfont='entypo-fontello'  title='' data-avia-related-tooltip='Compartir por correo'><span class='avia_hidden_link_text'>Compartir por correo<\/span><\/a><\/li><\/ul><\/div><\/div>\n","protected":false},"excerpt":{"rendered":"","protected":false},"author":1,"featured_media":0,"comment_status":"open","ping_status":"open","sticky":false,"template":"","format":"standard","meta":{"_exactmetrics_skip_tracking":false,"_exactmetrics_sitenote_active":false,"_exactmetrics_sitenote_note":"","_exactmetrics_sitenote_category":0,"footnotes":""},"categories":[1],"tags":[],"class_list":["post-1141","post","type-post","status-publish","format-standard","hentry","category-tu-sindicato-al-dia"],"_links":{"self":[{"href":"https:\/\/sindicatodebomberos.com\/index.php\/wp-json\/wp\/v2\/posts\/1141","targetHints":{"allow":["GET"]}}],"collection":[{"href":"https:\/\/sindicatodebomberos.com\/index.php\/wp-json\/wp\/v2\/posts"}],"about":[{"href":"https:\/\/sindicatodebomberos.com\/index.php\/wp-json\/wp\/v2\/types\/post"}],"author":[{"embeddable":true,"href":"https:\/\/sindicatodebomberos.com\/index.php\/wp-json\/wp\/v2\/users\/1"}],"replies":[{"embeddable":true,"href":"https:\/\/sindicatodebomberos.com\/index.php\/wp-json\/wp\/v2\/comments?post=1141"}],"version-history":[{"count":4,"href":"https:\/\/sindicatodebomberos.com\/index.php\/wp-json\/wp\/v2\/posts\/1141\/revisions"}],"predecessor-version":[{"id":1150,"href":"https:\/\/sindicatodebomberos.com\/index.php\/wp-json\/wp\/v2\/posts\/1141\/revisions\/1150"}],"wp:attachment":[{"href":"https:\/\/sindicatodebomberos.com\/index.php\/wp-json\/wp\/v2\/media?parent=1141"}],"wp:term":[{"taxonomy":"category","embeddable":true,"href":"https:\/\/sindicatodebomberos.com\/index.php\/wp-json\/wp\/v2\/categories?post=1141"},{"taxonomy":"post_tag","embeddable":true,"href":"https:\/\/sindicatodebomberos.com\/index.php\/wp-json\/wp\/v2\/tags?post=1141"}],"curies":[{"name":"wp","href":"https:\/\/api.w.org\/{rel}","templated":true}]}}